{"id":10617,"date":"2019-08-29T22:30:23","date_gmt":"2019-08-29T21:30:23","guid":{"rendered":"https:\/\/www.entroncamentoonline.pt\/portal\/?p=10617"},"modified":"2019-08-29T22:30:23","modified_gmt":"2019-08-29T21:30:23","slug":"consultas-de-oftalmologia-nos-centros-de-saude","status":"publish","type":"post","link":"https:\/\/www.entroncamentoonline.pt\/portal\/consultas-de-oftalmologia-nos-centros-de-saude\/","title":{"rendered":"Consultas de Oftalmologia nos centros de sa\u00fade"},"content":{"rendered":"<p><strong>Lu\u00eds Pisco<\/strong>, Presidente da Administra\u00e7\u00e3o Regional de Sa\u00fade de Lisboa e Vale do Tejo (ARSLVT)<strong> e Erica Grilo Cardoso, <\/strong>Presidente do Instituto de Oftalmologia Dr. Gama Pinto (IOGP), <strong>v\u00e3o assinar<\/strong>, pelas <strong>12H00 de 30 de agosto<\/strong>, na <strong>sede da ARSLVT<\/strong>, um <strong>protocolo de coopera\u00e7\u00e3o<\/strong> que vai permitir a <strong>realiza\u00e7\u00e3o de consultas de Oftalmologia nos centros de sa\u00fade que t\u00eam utentes referenciados para o IOGP<\/strong>. O Agrupamento de Centros de Sa\u00fade (ACES) Sintra ser\u00e1 o primeiro a avan\u00e7ar com a iniciativa.<\/p>\n<p>Com a assinatura do protocolo, os oftalmologistas e t\u00e9cnicos de ort\u00f3ptica do IOGP v\u00e3o ao encontro dos utentes referenciados nos centros de sa\u00fade respetivos, deixando os utentes de se deslocarem \u00e0s instala\u00e7\u00f5es do instituto, em Lisboa. As equipas do IOGP ter\u00e3o o apoio de enfermeiros e administrativos dos Cuidados de Sa\u00fade Prim\u00e1rios, pelo que a ARSLVT providencia igualmente o espa\u00e7o f\u00edsico e o equipamento.<\/p>\n<p>O <strong>ACES de Sintra vai ser pioneiro nesta iniciativa<\/strong>, sendo que de momento est\u00e3o a ser desenvolvidos todos os preparativos para que as consultas comecem ainda em setembro, na unidade de sa\u00fade da Agualva, no Cac\u00e9m.<\/p>\n<p><em>\u201cCom esta coopera\u00e7\u00e3o, vamos aumentar a acessibilidade, proximidade e a continuidade dos cuidados, promovendo em simult\u00e2neo a articula\u00e7\u00e3o entre institui\u00e7\u00f5es do Servi\u00e7o Nacional de Sa\u00fade\u201d<\/em>, refere Lu\u00eds Pisco.<\/p>\n<p>Para Erica Grilo Cardoso, <em>\u201cesta descentraliza\u00e7\u00e3o das consultas de Oftalmologia \u00e9 mais um exemplo da mudan\u00e7a de paradigma na oferta de cuidados, mudan\u00e7a essa que coloca as necessidades dos utentes no centro do SNS\u201d.<\/em><\/p>\n<p>O protocolo prev\u00ea ainda a\u00e7\u00f5es de forma\u00e7\u00e3o aos m\u00e9dicos e enfermeiros dos ACES de Lisboa e Vale do Tejo, bem como a promo\u00e7\u00e3o da literacia em sa\u00fade e autocuidados dirigida aos utentes.<\/p>\n<div class=\"fb-background-color\">\n\t\t\t  <div \n\t\t\t  \tclass = \"fb-comments\" \n\t\t\t  \tdata-href = \"https:\/\/www.entroncamentoonline.pt\/portal\/consultas-de-oftalmologia-nos-centros-de-saude\/\"\n\t\t\t  \tdata-numposts = \"10\"\n\t\t\t  \tdata-lazy = \"true\"\n\t\t\t\tdata-colorscheme = \"light\"\n\t\t\t\tdata-order-by = \"social\"\n\t\t\t\tdata-mobile=true>\n\t\t\t  <\/div><\/div>\n\t\t  <style>\n\t\t    .fb-background-color {\n\t\t\t\tbackground:  !important;\n\t\t\t}\n\t\t\t.fb_iframe_widget_fluid_desktop iframe {\n\t\t\t    width: 100% !important;\n\t\t\t}\n\t\t  <\/style>\n\t\t  ","protected":false},"excerpt":{"rendered":"<p>Lu\u00eds Pisco, Presidente da Administra\u00e7\u00e3o Regional de Sa\u00fade de Lisboa e Vale do Tejo (ARSLVT) e Erica Grilo Cardoso, Presidente do Instituto de Oftalmologia Dr. Gama Pinto (IOGP), v\u00e3o assinar, pelas 12H00 de 30 de agosto, na sede da ARSLVT, um protocolo de coopera\u00e7\u00e3o que vai permitir a realiza\u00e7\u00e3o de consultas de Oftalmologia nos centros [&hellip;]<\/p>\n","protected":false},"author":1,"featured_media":0,"comment_status":"open","ping_status":"closed","sticky":false,"template":"","format":"standard","meta":{"_acf_changed":false,"footnotes":""},"categories":[51],"tags":[],"class_list":{"0":"post-10617","1":"post","2":"type-post","3":"status-publish","4":"format-standard","6":"category-breves"},"acf":[],"_links":{"self":[{"href":"https:\/\/www.entroncamentoonline.pt\/portal\/wp-json\/wp\/v2\/posts\/10617","targetHints":{"allow":["GET"]}}],"collection":[{"href":"https:\/\/www.entroncamentoonline.pt\/portal\/wp-json\/wp\/v2\/posts"}],"about":[{"href":"https:\/\/www.entroncamentoonline.pt\/portal\/wp-json\/wp\/v2\/types\/post"}],"author":[{"embeddable":true,"href":"https:\/\/www.entroncamentoonline.pt\/portal\/wp-json\/wp\/v2\/users\/1"}],"replies":[{"embeddable":true,"href":"https:\/\/www.entroncamentoonline.pt\/portal\/wp-json\/wp\/v2\/comments?post=10617"}],"version-history":[{"count":0,"href":"https:\/\/www.entroncamentoonline.pt\/portal\/wp-json\/wp\/v2\/posts\/10617\/revisions"}],"wp:attachment":[{"href":"https:\/\/www.entroncamentoonline.pt\/portal\/wp-json\/wp\/v2\/media?parent=10617"}],"wp:term":[{"taxonomy":"category","embeddable":true,"href":"https:\/\/www.entroncamentoonline.pt\/portal\/wp-json\/wp\/v2\/categories?post=10617"},{"taxonomy":"post_tag","embeddable":true,"href":"https:\/\/www.entroncamentoonline.pt\/portal\/wp-json\/wp\/v2\/tags?post=10617"}],"curies":[{"name":"wp","href":"https:\/\/api.w.org\/{rel}","templated":true}]}}