{"id":10441,"date":"2019-08-24T19:40:16","date_gmt":"2019-08-24T18:40:16","guid":{"rendered":"https:\/\/www.entroncamentoonline.pt\/portal\/?p=10441"},"modified":"2019-08-25T19:27:35","modified_gmt":"2019-08-25T18:27:35","slug":"entroncamento-freguesia-de-sao-joao-baptista-comemora-93o-aniversario-este-domingo","status":"publish","type":"post","link":"https:\/\/www.entroncamentoonline.pt\/portal\/entroncamento-freguesia-de-sao-joao-baptista-comemora-93o-aniversario-este-domingo\/","title":{"rendered":"ENTRONCAMENTO | Freguesia de S\u00e3o Jo\u00e3o Baptista comemora 93\u00ba Anivers\u00e1rio este domingo"},"content":{"rendered":"<p>A Freguesia de S\u00e3o Jo\u00e3o Baptista do Entroncamento vai comemorar este domingo o seu 93\u00ba\u00a0 e n\u00e3o o 14\u00ba, uma vez que a Freguesia do Entroncamento foi criada em 25 de agosto de 1926 e no dia 1 de julho de 2003, foi dividida em duas freguesias e mudou de nome.<\/p>\n<p>As comemora\u00e7\u00f5es t\u00eam in\u00edcio na Sede da Freguesia com o hastear da Bandeira, acompanhado pela Banda da Associa\u00e7\u00e3o Filarm\u00f3nica do Entroncamento pelas 16h30, seguindo-se depois no Jardim Afonso Serr\u00e3o Lopes (Zona Verde) uma Matin\u00e9 Dan\u00e7ante com a organista S\u00f3nia Mota, pelas 17h30.<\/p>\n<p>Recuperamos o an\u00fancio das comemora\u00e7\u00f5es por Rui Maur\u00edcio, Presidente da Junta ao EOLtv h\u00e1 uns dias.<\/p>\n<p><iframe loading=\"lazy\" title=\"Rui Maur\u00edcio anuncia Festa popular no 93\u00ba Anivers\u00e1rio da Freguesia\" width=\"696\" height=\"392\" src=\"https:\/\/www.youtube.com\/embed\/tuo5lst9IeA?feature=oembed\" frameborder=\"0\" allow=\"accelerometer; autoplay; encrypted-media; gyroscope; picture-in-picture\" allowfullscreen><\/iframe><\/p>\n<div class=\"fb-background-color\">\n\t\t\t  <div \n\t\t\t  \tclass = \"fb-comments\" \n\t\t\t  \tdata-href = \"https:\/\/www.entroncamentoonline.pt\/portal\/entroncamento-freguesia-de-sao-joao-baptista-comemora-93o-aniversario-este-domingo\/\"\n\t\t\t  \tdata-numposts = \"10\"\n\t\t\t  \tdata-lazy = \"true\"\n\t\t\t\tdata-colorscheme = \"light\"\n\t\t\t\tdata-order-by = \"social\"\n\t\t\t\tdata-mobile=true>\n\t\t\t  <\/div><\/div>\n\t\t  <style>\n\t\t    .fb-background-color {\n\t\t\t\tbackground:  !important;\n\t\t\t}\n\t\t\t.fb_iframe_widget_fluid_desktop iframe {\n\t\t\t    width: 100% !important;\n\t\t\t}\n\t\t  <\/style>\n\t\t  ","protected":false},"excerpt":{"rendered":"<p>A Freguesia de S\u00e3o Jo\u00e3o Baptista do Entroncamento vai comemorar este domingo o seu 93\u00ba\u00a0 e n\u00e3o o 14\u00ba, uma vez que a Freguesia do Entroncamento foi criada em 25 de agosto de 1926 e no dia 1 de julho de 2003, foi dividida em duas freguesias e mudou de nome. As comemora\u00e7\u00f5es t\u00eam in\u00edcio [&hellip;]<\/p>\n","protected":false},"author":1,"featured_media":10442,"comment_status":"open","ping_status":"closed","sticky":false,"template":"","format":"standard","meta":{"_acf_changed":false,"footnotes":""},"categories":[1],"tags":[],"class_list":{"0":"post-10441","1":"post","2":"type-post","3":"status-publish","4":"format-standard","5":"has-post-thumbnail","7":"category-sem-categoria"},"acf":[],"_links":{"self":[{"href":"https:\/\/www.entroncamentoonline.pt\/portal\/wp-json\/wp\/v2\/posts\/10441","targetHints":{"allow":["GET"]}}],"collection":[{"href":"https:\/\/www.entroncamentoonline.pt\/portal\/wp-json\/wp\/v2\/posts"}],"about":[{"href":"https:\/\/www.entroncamentoonline.pt\/portal\/wp-json\/wp\/v2\/types\/post"}],"author":[{"embeddable":true,"href":"https:\/\/www.entroncamentoonline.pt\/portal\/wp-json\/wp\/v2\/users\/1"}],"replies":[{"embeddable":true,"href":"https:\/\/www.entroncamentoonline.pt\/portal\/wp-json\/wp\/v2\/comments?post=10441"}],"version-history":[{"count":0,"href":"https:\/\/www.entroncamentoonline.pt\/portal\/wp-json\/wp\/v2\/posts\/10441\/revisions"}],"wp:featuredmedia":[{"embeddable":true,"href":"https:\/\/www.entroncamentoonline.pt\/portal\/wp-json\/wp\/v2\/media\/10442"}],"wp:attachment":[{"href":"https:\/\/www.entroncamentoonline.pt\/portal\/wp-json\/wp\/v2\/media?parent=10441"}],"wp:term":[{"taxonomy":"category","embeddable":true,"href":"https:\/\/www.entroncamentoonline.pt\/portal\/wp-json\/wp\/v2\/categories?post=10441"},{"taxonomy":"post_tag","embeddable":true,"href":"https:\/\/www.entroncamentoonline.pt\/portal\/wp-json\/wp\/v2\/tags?post=10441"}],"curies":[{"name":"wp","href":"https:\/\/api.w.org\/{rel}","templated":true}]}}