{"id":10282,"date":"2019-08-20T09:48:14","date_gmt":"2019-08-20T08:48:14","guid":{"rendered":"https:\/\/www.entroncamentoonline.pt\/portal\/?p=10282"},"modified":"2019-08-20T09:48:14","modified_gmt":"2019-08-20T08:48:14","slug":"abrantes-aldeia-do-mato-recebeu-o-futuro-do-wakeboard-em-portugal","status":"publish","type":"post","link":"https:\/\/www.entroncamentoonline.pt\/portal\/abrantes-aldeia-do-mato-recebeu-o-futuro-do-wakeboard-em-portugal\/","title":{"rendered":"ABRANTES | Aldeia do Mato recebeu o futuro do Wakeboard em Portugal"},"content":{"rendered":"<p>O Wake Junior Open Days realizou-se pela primeira vez em Castelo de Bode, na praia \ufb02uvial da Aldeia do Mato, concelho de Abrantes, tendo reunido jovens entre os 10 e os 18 anos, que se quiseram iniciar no wakeboard.<\/p>\n<p>O quinto evento do calend\u00e1rio nacional de wakeboard de 2019 foi totalmente dedicado aos jovens, numa iniciativa que teve o objetivo de aumentar o n\u00famero de praticantes da modalidade.<\/p>\n<p>O evento teve um conceito baseado nos jovens talentos que j\u00e1 praticam wakeboard, que nestes 2 dias tiveram a miss\u00e3o de ensinar todos os outros jovens.<\/p>\n<div id='gallery-1' class='gallery galleryid-10282 gallery-columns-2 gallery-size-thumbnail'><figure class='gallery-item'>\n\t\t\t<div class='gallery-icon landscape'>\n\t\t\t\t<a href='https:\/\/www.entroncamentoonline.pt\/portal\/abrantes-aldeia-do-mato-recebeu-o-futuro-do-wakeboard-em-portugal\/abrantes_cablealdeiamato_1\/'><img loading=\"lazy\" decoding=\"async\" width=\"350\" height=\"350\" src=\"https:\/\/www.entroncamentoonline.pt\/portal\/wp-content\/uploads\/2019\/08\/Abrantes_CableAldeiaMato_1-350x350.jpg\" class=\"attachment-thumbnail size-thumbnail\" alt=\"\" \/><\/a>\n\t\t\t<\/div><\/figure><figure class='gallery-item'>\n\t\t\t<div class='gallery-icon landscape'>\n\t\t\t\t<a href='https:\/\/www.entroncamentoonline.pt\/portal\/abrantes-aldeia-do-mato-recebeu-o-futuro-do-wakeboard-em-portugal\/abrantes_cablealdeiamato_16\/'><img loading=\"lazy\" decoding=\"async\" width=\"350\" height=\"350\" src=\"https:\/\/www.entroncamentoonline.pt\/portal\/wp-content\/uploads\/2019\/08\/Abrantes_CableAldeiaMato_16-350x350.jpeg\" class=\"attachment-thumbnail size-thumbnail\" alt=\"\" \/><\/a>\n\t\t\t<\/div><\/figure>\n\t\t<\/div>\n\n<p>Para al\u00e9m do wakeboard, os jovens divididos por equipas, tiveram que superar outros desa\ufb01os como um peddy-paper, provas de per\u00edcia em insu\ufb02\u00e1veis aqu\u00e1ticos, trampolim ou SUP \u2013 Stand Up Paddle, num \ufb01m-de-semana recheado de a\u00e7\u00e3o.<\/p>\n<p>\u201cFoi um \ufb01m-de-semana espetacular na Aldeia do Mato, com 62 jovens participantes neste evento muito especial. Foi a primeira vez que se realizou em Portugal um evento exclusivamente dedicado aos mais jovens e ser\u00e1 seguramente uma experi\u00eancia a repetir no futuro. De\ufb01nimos na nossa estrat\u00e9gia uma forte aposta no crescimento do desporto, atrav\u00e9s dos mais pequenos e foi uma aposta ganha. Esperemos que destes jovens, uma parte se interesse pelo wakeboard e \ufb01que com o bichinho e queiram voltar \u00e0 nossa Est\u00e2ncia de Castelo de Bode\u201d, palavras de Luis Segad\u00e3es, Presidente da APWake.<\/p>\n<p>\u201cA miss\u00e3o do munic\u00edpio de Abrantes \u00e9 receber estes jovens e demonstrar todas as potencialidades do concelho para a pr\u00e1tica desportiva e para um ideal de vida saud\u00e1vel. O cable da Aldeia do Mato \u00e9 uma infraestrutura que existe desde 2016 e que permite a todos os jovens do nosso concelho acederem a um desporto de exce\u00e7\u00e3o e de grande complexidade t\u00e9cnica. Todos os que nos visitam podem desfrutar da beleza e da paz da praia \ufb02uvial, com bandeira azul, mas tamb\u00e9m exercitarem a sua paix\u00e3o por este desporto de a\u00e7\u00e3o.\u201d palavras de Manuel Jorge Valamatos, Presidente da C\u00e2mara de Abrantes<\/p>\n<div class=\"fb-background-color\">\n\t\t\t  <div \n\t\t\t  \tclass = \"fb-comments\" \n\t\t\t  \tdata-href = \"https:\/\/www.entroncamentoonline.pt\/portal\/abrantes-aldeia-do-mato-recebeu-o-futuro-do-wakeboard-em-portugal\/\"\n\t\t\t  \tdata-numposts = \"10\"\n\t\t\t  \tdata-lazy = \"true\"\n\t\t\t\tdata-colorscheme = \"light\"\n\t\t\t\tdata-order-by = \"social\"\n\t\t\t\tdata-mobile=true>\n\t\t\t  <\/div><\/div>\n\t\t  <style>\n\t\t    .fb-background-color {\n\t\t\t\tbackground:  !important;\n\t\t\t}\n\t\t\t.fb_iframe_widget_fluid_desktop iframe {\n\t\t\t    width: 100% !important;\n\t\t\t}\n\t\t  <\/style>\n\t\t  ","protected":false},"excerpt":{"rendered":"<p>O Wake Junior Open Days realizou-se pela primeira vez em Castelo de Bode, na praia \ufb02uvial da Aldeia do Mato, concelho de Abrantes, tendo reunido jovens entre os 10 e os 18 anos, que se quiseram iniciar no wakeboard. O quinto evento do calend\u00e1rio nacional de wakeboard de 2019 foi totalmente dedicado aos jovens, numa [&hellip;]<\/p>\n","protected":false},"author":1,"featured_media":10284,"comment_status":"open","ping_status":"closed","sticky":false,"template":"","format":"standard","meta":{"_acf_changed":false,"footnotes":""},"categories":[29,68,32],"tags":[],"class_list":{"0":"post-10282","1":"post","2":"type-post","3":"status-publish","4":"format-standard","5":"has-post-thumbnail","7":"category-abrantes","8":"category-na-boa","9":"category-noticias"},"acf":[],"_links":{"self":[{"href":"https:\/\/www.entroncamentoonline.pt\/portal\/wp-json\/wp\/v2\/posts\/10282","targetHints":{"allow":["GET"]}}],"collection":[{"href":"https:\/\/www.entroncamentoonline.pt\/portal\/wp-json\/wp\/v2\/posts"}],"about":[{"href":"https:\/\/www.entroncamentoonline.pt\/portal\/wp-json\/wp\/v2\/types\/post"}],"author":[{"embeddable":true,"href":"https:\/\/www.entroncamentoonline.pt\/portal\/wp-json\/wp\/v2\/users\/1"}],"replies":[{"embeddable":true,"href":"https:\/\/www.entroncamentoonline.pt\/portal\/wp-json\/wp\/v2\/comments?post=10282"}],"version-history":[{"count":0,"href":"https:\/\/www.entroncamentoonline.pt\/portal\/wp-json\/wp\/v2\/posts\/10282\/revisions"}],"wp:featuredmedia":[{"embeddable":true,"href":"https:\/\/www.entroncamentoonline.pt\/portal\/wp-json\/wp\/v2\/media\/10284"}],"wp:attachment":[{"href":"https:\/\/www.entroncamentoonline.pt\/portal\/wp-json\/wp\/v2\/media?parent=10282"}],"wp:term":[{"taxonomy":"category","embeddable":true,"href":"https:\/\/www.entroncamentoonline.pt\/portal\/wp-json\/wp\/v2\/categories?post=10282"},{"taxonomy":"post_tag","embeddable":true,"href":"https:\/\/www.entroncamentoonline.pt\/portal\/wp-json\/wp\/v2\/tags?post=10282"}],"curies":[{"name":"wp","href":"https:\/\/api.w.org\/{rel}","templated":true}]}}