{"id":10073,"date":"2019-08-10T23:22:29","date_gmt":"2019-08-10T22:22:29","guid":{"rendered":"https:\/\/www.entroncamentoonline.pt\/portal\/?p=10073"},"modified":"2019-08-11T15:41:18","modified_gmt":"2019-08-11T14:41:18","slug":"tomar-todo-um-fim-de-semana-de-bons-sons","status":"publish","type":"post","link":"https:\/\/www.entroncamentoonline.pt\/portal\/tomar-todo-um-fim-de-semana-de-bons-sons\/","title":{"rendered":"TOMAR | Todo um fim de semana de BONS SONS"},"content":{"rendered":"<p>Depois de um dia de grandes emo\u00e7\u00f5es que deixam ainda arrepios na pele, temos um dia pela frente que promete n\u00e3o ficar atr\u00e1s daquilo que j\u00e1 aconteceu at\u00e9 agora. O fim-de-semana BONS SONS \u00e9 preenchido de energia ao m\u00e1ximo desde cedo at\u00e9 \u00e0s tantas da manh\u00e3.<\/p>\n<div id='gallery-1' class='gallery galleryid-10073 gallery-columns-2 gallery-size-thumbnail'><figure class='gallery-item'>\n\t\t\t<div class='gallery-icon landscape'>\n\t\t\t\t<a href='https:\/\/www.entroncamentoonline.pt\/portal\/tomar-todo-um-fim-de-semana-de-bons-sons\/bonssons2019-6\/'><img loading=\"lazy\" decoding=\"async\" width=\"350\" height=\"350\" src=\"https:\/\/www.entroncamentoonline.pt\/portal\/wp-content\/uploads\/2019\/08\/BonsSons2019.6-350x350.jpg\" class=\"attachment-thumbnail size-thumbnail\" alt=\"\" aria-describedby=\"gallery-1-10076\" \/><\/a>\n\t\t\t<\/div>\n\t\t\t\t<figcaption class='wp-caption-text gallery-caption' id='gallery-1-10076'>\n\t\t\t\tFoto Carlos Manuel Martins\n\t\t\t\t<\/figcaption><\/figure><figure class='gallery-item'>\n\t\t\t<div class='gallery-icon landscape'>\n\t\t\t\t<a href='https:\/\/www.entroncamentoonline.pt\/portal\/tomar-todo-um-fim-de-semana-de-bons-sons\/bonssons2019-4\/'><img loading=\"lazy\" decoding=\"async\" width=\"350\" height=\"350\" src=\"https:\/\/www.entroncamentoonline.pt\/portal\/wp-content\/uploads\/2019\/08\/BonsSons2019.4-350x350.jpg\" class=\"attachment-thumbnail size-thumbnail\" alt=\"\" aria-describedby=\"gallery-1-10075\" \/><\/a>\n\t\t\t<\/div>\n\t\t\t\t<figcaption class='wp-caption-text gallery-caption' id='gallery-1-10075'>\n\t\t\t\tFoto Carlos Manuel Martins\n\t\t\t\t<\/figcaption><\/figure>\n\t\t<\/div>\n\n<h6><strong>SAB 10<\/strong><br \/>\n14:00\u00a0\u00a0\u00a0 Pequenas Espigas MPAGDP<br \/>\n14:45\u00a0\u00a0\u00a0 Valente Maio Carlos Paredes<br \/>\n15:30\u00a0\u00a0\u00a0 Jorge da Rocha Giacometti-INATEL<br \/>\n16:30\u00a0\u00a0\u00a0 Rezas, Benzeduras e Outras Cantigas MPAGDP<br \/>\n17:30\u00a0\u00a0\u00a0 Tiago Francisquinho Giacometti-INATEL<br \/>\n18:30\u00a0\u00a0\u00a0 Baleia Baleia Baleia Ant\u00f3nio Varia\u00e7\u00f5es<br \/>\n19:30\u00a0\u00a0\u00a0 Miramar Am\u00e1lia<br \/>\n20:45\u00a0\u00a0\u00a0 Tr\u00eas Tristes Tigres Zeca Afonso<br \/>\n22:00\u00a0\u00a0\u00a0 Stereossauro Lopes-Gra\u00e7a<br \/>\n23:15\u00a0\u00a0\u00a0 Pop Dell&#8217;Arte Zeca Afonso<br \/>\n00:30\u00a0\u00a0\u00a0 Tiago Bettencourt Lopes-Gra\u00e7a<br \/>\n01:45\u00a0\u00a0\u00a0 Glockenwise + JP Sim\u00f5es Ant\u00f3nio Varia\u00e7\u00f5es<br \/>\n02:45\u00a0\u00a0\u00a0 DJ Ride Aguardela<\/h6>\n<p>A primeira atua\u00e7\u00e3o do dia vem da parte do grupo coral infantil Pequenas Espigas que, no palco MPAGDP, vem demonstrar a forma como dominam o Cante Tradicional Alentejano, que tanto t\u00eam divulgado pelo pa\u00eds fora e at\u00e9 pelo estrangeiro.<\/p>\n<p>Seguem-se Manuel Maio e Jos\u00e9 Valente, que juntos fazem Valente Maio, saltitando entre o cl\u00e1ssico e o jazz e fazendo uso de um violino, uma viola de arco e v\u00e1rios pedais de efeitos. Pouco depois, o autodidata Jorge de Rocha faz ouvir a sua voz e o seu baixo a solo no Palco Giacometti &#8211; INATEL.<\/p>\n<p>Rezas, Benzeduras e Outras Cantigas s\u00e3o formados por V\u00e2nia Couto e C\u00e9sar Prata que, como bons cantores e multi-instrumentistas que s\u00e3o, fazem uso de v\u00e1rios instrumentos, objetos sonoros, pedais de loops e programa\u00e7\u00e3o para criar um ambiente sonoro que cruza o mais ancestral e profundo da tradi\u00e7\u00e3o com os instrumentos ac\u00fasticos.<\/p>\n<p>\u00c0s 17:30 sobe ao palco Giacometti &#8211; INATEL Tiago Fracisquinho, munido do seu didgeridoo, com o qual cria vers\u00f5es eletr\u00f3nicas de m\u00fasica \u00e9tnica e dance com uma rapidez impressionante.<\/p>\n<p>De seguida, o BONS SONS recebe os Baleia Baleia Baleia, dupla que em 2018 lan\u00e7ou o seu primeiro disco hom\u00f3nimo e que agora nos vem apresentar as suas oito faixas de rock afiado e punk rock dan\u00e7\u00e1vel.<\/p>\n<p>Depois do concerto de ontem com os Lodo, Peixe atua novamente, desta vez com Frankie Chavez, com quem forma os Miramar. Os dois trazem ao palco o seu talento na guitarra e unem-se como se fossem um s\u00f3.<\/p>\n<p>Pode ser dif\u00edcil de pronunciar mas \u00e9 f\u00e1cil de dan\u00e7ar ao som dos Tr\u00eas Tristes Tigres. Formados nos anos 90 e com o \u00faltimo disco lan\u00e7ado em 98, s\u00e3o conhecidos por muitos e est\u00e3o prestes a lan\u00e7ar um novo trabalho em 2019. No BONS SONS, v\u00eam exibir este novo f\u00f4lego que o grupo ganhou.<\/p>\n<p>\u00c0s 22:00, o Palco Lopes-Gra\u00e7a recebe o DJ e produtor Stereossauro, em concerto com banda, para unir os universos do hip hop e a m\u00fasica portuguesa a que tanto est\u00e1 apegado.<\/p>\n<p>Um grande destaque n\u00e3o podia deixar de ser o concerto dos Pop Dell\u2019Arte no Palco Zeca Afonso \u00e0s 23:15. Foram criados em 1985 por Jo\u00e3o Peste, j\u00e1 lan\u00e7aram cinco discos de originais, a sua forma\u00e7\u00e3o muda com frequ\u00eancia e s\u00e3o uma forte influ\u00eancia para muitos. Uma paragem obrigat\u00f3ria para qualquer visitante do festival este ano.<\/p>\n<p>Pouco depois da meia-noite, Tiago Bettencourt invade o Palco Lopes-Gra\u00e7a. Come\u00e7ou com os Toranja em 2003 e hoje \u00e9 um dos nomes mais conhecidos da nova m\u00fasica portuguesa e ser\u00e1 um dos centros da aten\u00e7\u00e3o desta noite.<\/p>\n<p>A noite de concertos termina no Palco Ant\u00f3nio Varia\u00e7\u00f5es com Glockenwise + JP Sim\u00f5es, juntando a banda de Barcelos, que no ano passado lan\u00e7ou o seu primeiro disco em portugu\u00eas, com um dos grandes nomes do panorama musical nacional que esteve ligado a projetos como Pop Dell\u2019Arte, Belle Chase Hotel e o Quinteto Tati.<\/p>\n<p>A festa do dia 11 acaba com o campe\u00e3o de scratch e amante de todo o tipo de m\u00fasica, DJ Ride, com o seu espet\u00e1culo Pixel Trasher e a sua componente visual que promete abalar o BONS SONS. \u00c0s 02:45 no palco Aguardela.<\/p>\n<p><strong>ATIVIDADES PARALELAS<\/strong><\/p>\n<p>O terceiro dia de BONS SONS comprova uma vez mais a riqueza do seu programa com uma s\u00e9rie de atividades paralelas para aqueles que querem espairecer entre concertos.<\/p>\n<p>As sess\u00f5es de cinema s\u00e3o um exemplo disso. As duas sess\u00f5es de curtas-metragens &#8211; Curtas em Flagrante acontecem no Audit\u00f3rio Agostinho da Silva \u00e0s 15:00 e 17:00. Dois momentos que nascem da vontade de celebrar os dez anos do festival itinerante Curtas em Flagrante e de trazer o melhor cinema aos visitantes do BONS SONS.<\/p>\n<p>\u00c0s 16:00, h\u00e1 mais uma hist\u00f3ria encenada Portuguesas Inesquec\u00edveis, de Cl\u00e1udia Gaiolas: \u201cLeonor de Almeida, Marquesa de Alorna\u201d, por Leonor Cabral.<\/p>\n<p>Um momento que \u00e9 \u00fanico ao dia 10 de agosto \u00e9 o debate Territ\u00f3rios e Interioridade que acontece \u00e0s 18:00 em parceria com o projeto Fuma\u00e7a. Uma conversa sobre o que pode ser feito para fortalecer a contemporaneidade no campo, com Rog\u00e9rio Roque Amaro (economista e professor no ISCTE) e Maria do Carmo Bica (engenheira agr\u00edcola, t\u00e9cnica da Dire\u00e7\u00e3o-Geral de Agricultura e Desenvolvimento Rural. Presidente da Cooperativa 3 Serras de Laf\u00f5es).<\/p>\n<p>O document\u00e1rio sobre o BONS SONS &#8211; Uma \u00c1rvore no Largo, de C\u00e1tia Santos e Tom\u00e1s Quit\u00e9rio &#8211; \u00e9 exibido hoje, \u00e0s 21:00, ao ar livre, no Palco Lopes-Gra\u00e7a.<\/p>\n<p>As atividades para crian\u00e7as e fam\u00edlias continuam a ser uma aposta do BONS SONS e as propostas para todas as idades n\u00e3o s\u00e3o poucas e incluem a divertida Oficina de Percuss\u00e3o Corporal, para crian\u00e7as dos 6 aos 12 anos.<\/p>\n<h6>BILHETES \u00c0 VENDA<br \/>\nPASSE 4 DIAS 50\u20ac<br \/>\nBILHETE DI\u00c1RIO 25\u20ac<br \/>\nApenas dispon\u00edveis nas bilheteiras do recinto<\/h6>\n<div class=\"fb-background-color\">\n\t\t\t  <div \n\t\t\t  \tclass = \"fb-comments\" \n\t\t\t  \tdata-href = \"https:\/\/www.entroncamentoonline.pt\/portal\/tomar-todo-um-fim-de-semana-de-bons-sons\/\"\n\t\t\t  \tdata-numposts = \"10\"\n\t\t\t  \tdata-lazy = \"true\"\n\t\t\t\tdata-colorscheme = \"light\"\n\t\t\t\tdata-order-by = \"social\"\n\t\t\t\tdata-mobile=true>\n\t\t\t  <\/div><\/div>\n\t\t  <style>\n\t\t    .fb-background-color {\n\t\t\t\tbackground:  !important;\n\t\t\t}\n\t\t\t.fb_iframe_widget_fluid_desktop iframe {\n\t\t\t    width: 100% !important;\n\t\t\t}\n\t\t  <\/style>\n\t\t  ","protected":false},"excerpt":{"rendered":"<p>Depois de um dia de grandes emo\u00e7\u00f5es que deixam ainda arrepios na pele, temos um dia pela frente que promete n\u00e3o ficar atr\u00e1s daquilo que j\u00e1 aconteceu at\u00e9 agora. O fim-de-semana BONS SONS \u00e9 preenchido de energia ao m\u00e1ximo desde cedo at\u00e9 \u00e0s tantas da manh\u00e3. SAB 10 14:00\u00a0\u00a0\u00a0 Pequenas Espigas MPAGDP 14:45\u00a0\u00a0\u00a0 Valente Maio [&hellip;]<\/p>\n","protected":false},"author":1,"featured_media":10074,"comment_status":"open","ping_status":"closed","sticky":false,"template":"","format":"standard","meta":{"_acf_changed":false,"footnotes":""},"categories":[71],"tags":[],"class_list":{"0":"post-10073","1":"post","2":"type-post","3":"status-publish","4":"format-standard","5":"has-post-thumbnail","7":"category-outras-noticias"},"acf":[],"_links":{"self":[{"href":"https:\/\/www.entroncamentoonline.pt\/portal\/wp-json\/wp\/v2\/posts\/10073","targetHints":{"allow":["GET"]}}],"collection":[{"href":"https:\/\/www.entroncamentoonline.pt\/portal\/wp-json\/wp\/v2\/posts"}],"about":[{"href":"https:\/\/www.entroncamentoonline.pt\/portal\/wp-json\/wp\/v2\/types\/post"}],"author":[{"embeddable":true,"href":"https:\/\/www.entroncamentoonline.pt\/portal\/wp-json\/wp\/v2\/users\/1"}],"replies":[{"embeddable":true,"href":"https:\/\/www.entroncamentoonline.pt\/portal\/wp-json\/wp\/v2\/comments?post=10073"}],"version-history":[{"count":0,"href":"https:\/\/www.entroncamentoonline.pt\/portal\/wp-json\/wp\/v2\/posts\/10073\/revisions"}],"wp:featuredmedia":[{"embeddable":true,"href":"https:\/\/www.entroncamentoonline.pt\/portal\/wp-json\/wp\/v2\/media\/10074"}],"wp:attachment":[{"href":"https:\/\/www.entroncamentoonline.pt\/portal\/wp-json\/wp\/v2\/media?parent=10073"}],"wp:term":[{"taxonomy":"category","embeddable":true,"href":"https:\/\/www.entroncamentoonline.pt\/portal\/wp-json\/wp\/v2\/categories?post=10073"},{"taxonomy":"post_tag","embeddable":true,"href":"https:\/\/www.entroncamentoonline.pt\/portal\/wp-json\/wp\/v2\/tags?post=10073"}],"curies":[{"name":"wp","href":"https:\/\/api.w.org\/{rel}","templated":true}]}}