{"id":10052,"date":"2019-08-09T17:36:13","date_gmt":"2019-08-09T16:36:13","guid":{"rendered":"https:\/\/www.entroncamentoonline.pt\/portal\/?p=10052"},"modified":"2019-08-25T23:29:24","modified_gmt":"2019-08-25T22:29:24","slug":"manuel-fernandes-vicente-o-maserati","status":"publish","type":"post","link":"https:\/\/www.entroncamentoonline.pt\/portal\/manuel-fernandes-vicente-o-maserati\/","title":{"rendered":"MANUEL FERNANDES VICENTE | O Maserati"},"content":{"rendered":"<figure id=\"attachment_1176\" aria-describedby=\"caption-attachment-1176\" style=\"width: 234px\" class=\"wp-caption alignnone\"><img loading=\"lazy\" decoding=\"async\" class=\"size-full wp-image-1176\" src=\"https:\/\/www.entroncamentoonline.pt\/portal\/wp-content\/uploads\/2018\/12\/ManuelVicente.jpg\" alt=\"\" width=\"234\" height=\"228\" \/><figcaption id=\"caption-attachment-1176\" class=\"wp-caption-text\">Manuel Fernandes Vicente manuelvicente@entroncamentoonline.pt<\/figcaption><\/figure>\n<p>H\u00e1 alguns anos, pessoa amiga e respons\u00e1vel por uma importante oficina de autom\u00f3veis da regi\u00e3o contou-me um epis\u00f3dio que lhe sucedera no pr\u00f3prio dia, e do qual, apesar da sua s\u00f3lida condi\u00e7\u00e3o psicol\u00f3gica, ainda n\u00e3o havia recuperado. Notoriamente, precisava de desabafar, de tirar para fora a b\u00edlis extra que acabara de segregar, e causada por uma cliente da oficina a quem prometera o conserto ainda complexo e exigente do motor do autom\u00f3vel num curto prazo de tempo. Mas, por um imprevisto, n\u00e3o conseguira honrar o prazo de entrega do potente b\u00f3lide descapot\u00e1vel \u00e0 ainda jovem e fogosa propriet\u00e1ria, que por se sentir prejudicada, o invectivou inflamadamente com um vocabul\u00e1rio que se julgaria impr\u00f3prio de quem tanto cultivava as apar\u00eancias de beleza e poder, tanto no desportivo de alta cilindrada, como na forma como ela pr\u00f3pria se exibia no corpo e na pose; de baixa cilindrada s\u00f3, portanto, o car\u00e1cter.<\/p>\n<p>Este amigo, que faz dos compromissos com os clientes uma quest\u00e3o de honra e de \u00e9tica na oficina que coordena, ainda procurou evitar a resposta curta, mas contundente, que se adequaria \u00e0 g\u00edria barata da mulher. E quis contornar a dificuldade que involuntariamente foi criada e a surpreendente ard\u00eancia sem\u00e2ntica da condutora, explicando-lhe as raz\u00f5es do atraso na entrega do Maserati azul-cobalto. Mas o que ouviu foram renovados improp\u00e9rios reveladores de uma cultura de carro\u00e7a, com o devido respeito. A verdade \u00e9 que, ainda de madrugada, fora contactado por um respons\u00e1vel porque havia uma ambul\u00e2ncia de um servi\u00e7o de emerg\u00eancia m\u00e9dica que tinha avariado em plena autoestrada, e os servi\u00e7os de socorro e urg\u00eancia quer aos acidentados quer a pessoas que sofressem de colapsos cr\u00edticos de toda a natureza ficavam seriamente diminu\u00eddos. Pela descri\u00e7\u00e3o feita, os dois homens ficaram logo cientes de que a avaria registada era s\u00e9ria, demoraria algumas horas e precisaria de muita t\u00e9cnica, persist\u00eancia e engenho. O mec\u00e2nico-chefe encomendou logo as pe\u00e7as que sup\u00f4s serem necess\u00e1rias\u2026 Ainda ponderou o facto insan\u00e1vel de o arranjo do Maserati ficar para tr\u00e1s, e n\u00e3o poder cumprir a sua palavra. Mas a sua consci\u00eancia falava agora mais alto do que a palavra prometida, e uma vida humana devia prevalecer sobre o c\u00f3digo de \u00e9tica de uma simples oficina de autom\u00f3veis, mesmo que de cilindrada elevada. Para ele tornou-se claro que, havendo um conflito de interesses em causa, o interesse p\u00fablico deveria sobrepor-se, sobretudo porque uma ambul\u00e2ncia da Emerg\u00eancia M\u00e9dica arranjada, dispon\u00edvel e a poder percorrer muitos quil\u00f3metros em pouco tempo poderia significar o resgate ou mesmo a restitui\u00e7\u00e3o de seres humanos \u00e0 vida. E ele, que tinha valores, princ\u00edpios e um car\u00e1cter de alta cilindrada, teria era de viver e mesmo adormecer com a sua pr\u00f3pria consci\u00eancia, n\u00e3o com o que sibilasse uma qualquer megera, campe\u00e3 do insulto, por mais amea\u00e7as que zunisse, incluindo a de destilar todo o seu mau humor no livro amarelo de reclama\u00e7\u00f5es da oficina.<\/p>\n<p>Esta semana este amigo ligou-me, lembrara-se do epis\u00f3dio, acalmara a sua tens\u00e3o nervosa com o desabafo, que, como um caldo de galinha ou um ch\u00e1 de erva-cidreira, sempre d\u00e1 calma e algum al\u00edvio. Tinha que me contar! Pois o epis\u00f3dio j\u00e1 antigo tivera agora desenvolvimento: um segundo ato, porventura aquele que lhe dava sentido e continha sentido e significado. O que me dizia vinha entrecortado com a emo\u00e7\u00e3o de algu\u00e9m que, para l\u00e1 de um mec\u00e2nico competente e de saber ressuscitar carros, \u00e9 tamb\u00e9m um homem com uma rara capacidade de estabelecer empatia e valorizar o que \u00e9 humano. Tinha recebido tr\u00eas horas antes um carro especial na sua garagem. Um Maserati. Azul-cobalto. O mesmo que motivara a querela do epis\u00f3dio de m\u00e1-cria\u00e7\u00e3o. O carro vinha bastante maltratado, mas recuper\u00e1vel. Um acidente numa estrada de montanha originara o despiste. Por uma daquelas ironias da vida, a propriet\u00e1ria tinha sido conduzida com uma fratura exposta da perna, ferimentos profundos e complica\u00e7\u00f5es graves no cr\u00e2nio, o filho ficara com algumas feridas, mas sem gravidade. Ao que lhe disseram, o socorro do INEM fora bastante r\u00e1pido a chegar e a transport\u00e1-la at\u00e9 ao hospital da capital. E ouviu este coment\u00e1rio de quem lhe levou o carro agora rebocado: \u201cOuvi dizer que com a gravidade das les\u00f5es que sofrera, alguns minutos a mais ou a menos podiam fazer muita diferen\u00e7a\u201d. A hist\u00f3ria parece perfeita, mas \u00e9 real, e talvez com um fim feliz. Soube pouco antes de escrever esta cr\u00f3nica que a condutora e o filho j\u00e1 se encontram fora de perigo.<\/p>\n<p>O bus\u00edlis do caso \u00e9 que a capacidade para nos colocarmos na posi\u00e7\u00e3o dos outros \u00e9 um bem cada vez mais precioso, talvez por ser tamb\u00e9m mais escasso. A maioria abdica de valores e princ\u00edpios, por mais civilizacionais que sejam, e zela apenas nos seus pr\u00f3prios interesses, por mais mesquinhez que comportem. H\u00e1 muitos <em>maseratis <\/em>e carros <em>azul-cobalto<\/em> a circular pelas ruas e estradas desta rep\u00fablica em que o ego\u00edsmo e a indiferen\u00e7a j\u00e1 reinam como monarcas. Mas, felizmente, ainda resistem velhos mec\u00e2nicos que conhecem tamb\u00e9m as pessoas, talvez mais que os autom\u00f3veis, por mais que saibam desmontar os seus motores.<\/p>\n<div class=\"fb-background-color\">\n\t\t\t  <div \n\t\t\t  \tclass = \"fb-comments\" \n\t\t\t  \tdata-href = \"https:\/\/www.entroncamentoonline.pt\/portal\/manuel-fernandes-vicente-o-maserati\/\"\n\t\t\t  \tdata-numposts = \"10\"\n\t\t\t  \tdata-lazy = \"true\"\n\t\t\t\tdata-colorscheme = \"light\"\n\t\t\t\tdata-order-by = \"social\"\n\t\t\t\tdata-mobile=true>\n\t\t\t  <\/div><\/div>\n\t\t  <style>\n\t\t    .fb-background-color {\n\t\t\t\tbackground:  !important;\n\t\t\t}\n\t\t\t.fb_iframe_widget_fluid_desktop iframe {\n\t\t\t    width: 100% !important;\n\t\t\t}\n\t\t  <\/style>\n\t\t  ","protected":false},"excerpt":{"rendered":"<p>H\u00e1 alguns anos, pessoa amiga e respons\u00e1vel por uma importante oficina de autom\u00f3veis da regi\u00e3o contou-me um epis\u00f3dio que lhe sucedera no pr\u00f3prio dia, e do qual, apesar da sua s\u00f3lida condi\u00e7\u00e3o psicol\u00f3gica, ainda n\u00e3o havia recuperado. Notoriamente, precisava de desabafar, de tirar para fora a b\u00edlis extra que acabara de segregar, e causada por [&hellip;]<\/p>\n","protected":false},"author":21,"featured_media":0,"comment_status":"open","ping_status":"closed","sticky":false,"template":"","format":"standard","meta":{"_acf_changed":false,"footnotes":""},"categories":[55,66],"tags":[],"class_list":{"0":"post-10052","1":"post","2":"type-post","3":"status-publish","4":"format-standard","6":"category-cronica","7":"category-manuel-fernandes-vicente"},"acf":[],"_links":{"self":[{"href":"https:\/\/www.entroncamentoonline.pt\/portal\/wp-json\/wp\/v2\/posts\/10052","targetHints":{"allow":["GET"]}}],"collection":[{"href":"https:\/\/www.entroncamentoonline.pt\/portal\/wp-json\/wp\/v2\/posts"}],"about":[{"href":"https:\/\/www.entroncamentoonline.pt\/portal\/wp-json\/wp\/v2\/types\/post"}],"author":[{"embeddable":true,"href":"https:\/\/www.entroncamentoonline.pt\/portal\/wp-json\/wp\/v2\/users\/21"}],"replies":[{"embeddable":true,"href":"https:\/\/www.entroncamentoonline.pt\/portal\/wp-json\/wp\/v2\/comments?post=10052"}],"version-history":[{"count":0,"href":"https:\/\/www.entroncamentoonline.pt\/portal\/wp-json\/wp\/v2\/posts\/10052\/revisions"}],"wp:attachment":[{"href":"https:\/\/www.entroncamentoonline.pt\/portal\/wp-json\/wp\/v2\/media?parent=10052"}],"wp:term":[{"taxonomy":"category","embeddable":true,"href":"https:\/\/www.entroncamentoonline.pt\/portal\/wp-json\/wp\/v2\/categories?post=10052"},{"taxonomy":"post_tag","embeddable":true,"href":"https:\/\/www.entroncamentoonline.pt\/portal\/wp-json\/wp\/v2\/tags?post=10052"}],"curies":[{"name":"wp","href":"https:\/\/api.w.org\/{rel}","templated":true}]}}