{"id":10043,"date":"2019-08-09T13:54:19","date_gmt":"2019-08-09T12:54:19","guid":{"rendered":"https:\/\/www.entroncamentoonline.pt\/portal\/?p=10043"},"modified":"2019-08-10T23:23:39","modified_gmt":"2019-08-10T22:23:39","slug":"tomar-o-segundo-dia-do-bons-sons-reserva-muito-aos-seus-visitantes","status":"publish","type":"post","link":"https:\/\/www.entroncamentoonline.pt\/portal\/tomar-o-segundo-dia-do-bons-sons-reserva-muito-aos-seus-visitantes\/","title":{"rendered":"TOMAR | O segundo dia do BONS SONS reserva muito aos seus visitantes"},"content":{"rendered":"<p>N\u00e3o restam d\u00favidas: agora ningu\u00e9m p\u00e1ra mesmo esta edi\u00e7\u00e3o do BONS SONS. Depois de um dia de grandes emo\u00e7\u00f5es onde n\u00e3o faltou m\u00fasica, com o concerto de abertura pela Orquestra Filarm\u00f3nica Gafanhense com interpreta\u00e7\u00e3o de temas das dez edi\u00e7\u00f5es e o p\u00fablico a cantar em coro na atua\u00e7\u00e3o da primeira dupla &#8211; Benjamim e Joana Espadinha &#8211; em estreia de novo palco e no concerto Diabo na Cruz com a participa\u00e7\u00e3o de Carlos Guerreiro, dos Gaiteiros de Lisboa e muitos outros concertos, a noite terminou com \u201cNever Ending Story\u201d, pelas m\u00e3os de Jo\u00e3o Melgueira, um pren\u00fancio para os dias que se seguem.<\/p>\n<div id='gallery-1' class='gallery galleryid-10043 gallery-columns-2 gallery-size-thumbnail'><figure class='gallery-item'>\n\t\t\t<div class='gallery-icon landscape'>\n\t\t\t\t<a href='https:\/\/www.entroncamentoonline.pt\/portal\/tomar-o-segundo-dia-do-bons-sons-reserva-muito-aos-seus-visitantes\/bonssons2019-2\/'><img loading=\"lazy\" decoding=\"async\" width=\"350\" height=\"350\" src=\"https:\/\/www.entroncamentoonline.pt\/portal\/wp-content\/uploads\/2019\/08\/BonsSons2019.2-350x350.jpg\" class=\"attachment-thumbnail size-thumbnail\" alt=\"\" aria-describedby=\"gallery-1-10046\" \/><\/a>\n\t\t\t<\/div>\n\t\t\t\t<figcaption class='wp-caption-text gallery-caption' id='gallery-1-10046'>\n\t\t\t\tFoto Ver\u00f3nica Paulo\n\t\t\t\t<\/figcaption><\/figure><figure class='gallery-item'>\n\t\t\t<div class='gallery-icon landscape'>\n\t\t\t\t<a href='https:\/\/www.entroncamentoonline.pt\/portal\/tomar-o-segundo-dia-do-bons-sons-reserva-muito-aos-seus-visitantes\/bonssons2019-3\/'><img loading=\"lazy\" decoding=\"async\" width=\"350\" height=\"350\" src=\"https:\/\/www.entroncamentoonline.pt\/portal\/wp-content\/uploads\/2019\/08\/BonsSons2019.3-350x350.jpg\" class=\"attachment-thumbnail size-thumbnail\" alt=\"\" aria-describedby=\"gallery-1-10044\" \/><\/a>\n\t\t\t<\/div>\n\t\t\t\t<figcaption class='wp-caption-text gallery-caption' id='gallery-1-10044'>\n\t\t\t\tFoto Ver\u00f3nica Paulo\n\t\t\t\t<\/figcaption><\/figure>\n\t\t<\/div>\n\n<h6><strong>SEX 9<\/strong><br \/>\n14:00\u00a0\u00a0\u00a0 Cal MPAGDP<br \/>\n14:45\u00a0\u00a0\u00a0 Dada Garbeck Carlos Paredes<br \/>\n15:30\u00a0\u00a0\u00a0 Gator, the Alligator Giacometti-INATEL<br \/>\n16:30\u00a0\u00a0\u00a0 Ad\u00e9lia MPAGDP<br \/>\n17:30\u00a0\u00a0\u00a0 Sallim Giacometti-INATEL<br \/>\n18:30\u00a0\u00a0\u00a0 Afonso Cabral Am\u00e1lia<br \/>\n19:30\u00a0\u00a0\u00a0 Lodo + Peixe Zeca Afonso<br \/>\n21:00\u00a0\u00a0\u00a0 Helder Moutinho Lopes-Gra\u00e7a<br \/>\n22:15\u00a0\u00a0\u00a0 Paraguaii Ant\u00f3nio Varia\u00e7\u00f5es<br \/>\n23:30\u00a0\u00a0\u00a0 First Breath After Coma + Noiserv Zeca Afonso<br \/>\n00:45\u00a0\u00a0\u00a0 Budda Power Blues &amp; Maria Jo\u00e3o Lopes-Gra\u00e7a<br \/>\n02:00\u00a0\u00a0\u00a0 Sc\u00faru Fitch\u00e1du Ant\u00f3nio Varia\u00e7\u00f5es<br \/>\n03:00\u00a0\u00a0\u00a0 DJ Narciso Aguardela<\/h6>\n<p>O segundo dia do BONS SONS come\u00e7a \u00e0s 14:00 e o festival enche-se logo com as vozes de In\u00eas Gra\u00e7a e Carlos Norton, mais conhecidos como Cal, dupla que recorre apenas \u00e0s suas cordas vocais, com loops e efeitos, para criar uma pan\u00f3plia de m\u00fasicas originais.<\/p>\n<p>No mesmo palco MPAGDP, \u00e0s 16:30, destaca-se outro duo, Ana Correia e T\u00e2nia Pires, que juntas formam Ad\u00e9lia, projeto no qual, atrav\u00e9s do canto e de v\u00e1rios instrumentos, prestam homenagem a Ad\u00e9lia Garcia, \u00e0s suas m\u00fasicas e a todas as trabalhadoras de len\u00e7o na cabe\u00e7a espalhadas pelo pa\u00eds fora.<\/p>\n<p>Dada Garbeck, alter ego de Rui Souza, constr\u00f3i m\u00fasicas \u00e0s camadas com sintetizadores e loops enquanto que os Gator, the Alligator nos hipnotizam com as suas descargas el\u00e9tricas em formas de ondas sonoras, num concerto que surge como pr\u00e9mio por terem sido a banda portuguesa mais bem classificada no Festival Term\u00f3metro deste ano.<\/p>\n<p>Diretamente vinda da Cafetra Records, Sallim encanta o BONS SONS \u00e0s 17:30 no palco Giacometti &#8211; INATEL com a sua voz clara e as suas m\u00fasicas melanc\u00f3licas que nos fazem viajar pela sua vida.<\/p>\n<p>A tarde termina com duas atua\u00e7\u00f5es de relevo: Afonso Cabral, vocalista dos You Can\u2019t Win Charlie Brown, que se estreia a solo no BONS SONS, apresentando o seu primeiro disco; e Lodo + Peixe, onde a banda de post-rock instrumental nascida em Cem Soldos junta os seus riffs vibrantes aos sons de guitarra cl\u00e1ssica de Peixe &#8211; Pedro Cardoso, membro fundador dos Ornatos Violeta.<\/p>\n<p>A noite \u00e9 marcada pela voz do fadista de culto Helder Moutinho, os sons de guitarras e baixos distorcidos com veia eletr\u00f3nica dos Paraguaii e a jun\u00e7\u00e3o First Breath After Coma + Noiserv, onde a m\u00fasica da banda de Leiria que recentemente lan\u00e7ou o \u00e1lbum visual NU se junta \u00e0 variedade sonora do homem-orquestra que \u00e9 David Santos.<\/p>\n<p>E ainda h\u00e1 tempo para mais! Budda Power Blues &amp; Maria Jo\u00e3o sobem ao palco Lopes-Gra\u00e7a \u00e0s 00:45, aliando aquela que \u00e9 considerada das mais importantes bandas de blues nacional e a cantora de jazz com 34 anos de carreira com a qual criaram o disco \u201cBlues Experience\u201d. Segue-se Sc\u00faru Fitch\u00e1du no palco Ant\u00f3nio Varia\u00e7\u00f5es \u00e0s 2:00 e os batimentos card\u00edacos aceleram com as suas linhas de baixo distorcidas, baterias aceleradas e o noise que caracterizam a m\u00fasica de Marcus Veiga.<\/p>\n<p>Claro que a noite de sexta-feira n\u00e3o termina aqui e o DJ Narcisco espalha as suas melodias vibrantes e batidas met\u00e1licas ao longo da noite para ningu\u00e9m perder as energias com aquela que \u00e9 a presen\u00e7a que tem marcado as noites Pr\u00edncipe.<\/p>\n<p style=\"text-align: center;\"><strong>ATIVIDADES PARALELAS<\/strong><\/p>\n<p>Os concertos come\u00e7am no in\u00edcio da tarde, mas logo pela manh\u00e3 h\u00e1 muitas atividades que s\u00e3o uma parte crucial daquilo que faz o BONS SONS um festival especial.<\/p>\n<p>As sess\u00f5es de m\u00fasica para fam\u00edlias continuam assim como as atividades em roda do Burro de Miranda e surge a primeira sess\u00e3o de M\u00fasica para Gr\u00e1vidas que marca um momento muito especial para todos aqueles que aguardam o nascimento de um beb\u00e9.<\/p>\n<p>Enquanto \u00e9 reposta a hist\u00f3ria encenada Portuguesas Inesquec\u00edveis, de Cl\u00e1udia Gaiolas, assim como a performance Volta a Portugal em Coreto, por Tiago Madaleno, e Uma \u00c1rvore no Largo, document\u00e1rio de C\u00e1tia Santos e Tom\u00e1s Quit\u00e9rio sobre o BONS SONS, ambientes, miss\u00f5es e pelas pessoas que dele fazem parte. \u00c9 \u00e0s 23:00 no Palco Ant\u00f3nio Varia\u00e7\u00f5es.<\/p>\n<p>Acontece a estreia no BONS SONS do espet\u00e1culo de dan\u00e7a Danza Ricercata, de Ta\u0302nia Carvalho, em parceria com o Festival Materiais Diversos, na qual se testam os conceitos de improviso e dan\u00e7a coreografada. Tudo acontece com um \u00fanico piano em palco, um compositor, uma m\u00fasica, uma pianista, uma core\u00f3grafa e uma bailarina.<\/p>\n<h6>BILHETES \u00c0 VENDA<br \/>\nPASSE 4 DIAS 50\u20ac<br \/>\nBILHETE DI\u00c1RIO 25\u20ac<br \/>\nApenas dispon\u00edveis nas bilheteiras do recinto<\/h6>\n<p>&nbsp;<\/p>\n<div class=\"fb-background-color\">\n\t\t\t  <div \n\t\t\t  \tclass = \"fb-comments\" \n\t\t\t  \tdata-href = \"https:\/\/www.entroncamentoonline.pt\/portal\/tomar-o-segundo-dia-do-bons-sons-reserva-muito-aos-seus-visitantes\/\"\n\t\t\t  \tdata-numposts = \"10\"\n\t\t\t  \tdata-lazy = \"true\"\n\t\t\t\tdata-colorscheme = \"light\"\n\t\t\t\tdata-order-by = \"social\"\n\t\t\t\tdata-mobile=true>\n\t\t\t  <\/div><\/div>\n\t\t  <style>\n\t\t    .fb-background-color {\n\t\t\t\tbackground:  !important;\n\t\t\t}\n\t\t\t.fb_iframe_widget_fluid_desktop iframe {\n\t\t\t    width: 100% !important;\n\t\t\t}\n\t\t  <\/style>\n\t\t  ","protected":false},"excerpt":{"rendered":"<p>N\u00e3o restam d\u00favidas: agora ningu\u00e9m p\u00e1ra mesmo esta edi\u00e7\u00e3o do BONS SONS. Depois de um dia de grandes emo\u00e7\u00f5es onde n\u00e3o faltou m\u00fasica, com o concerto de abertura pela Orquestra Filarm\u00f3nica Gafanhense com interpreta\u00e7\u00e3o de temas das dez edi\u00e7\u00f5es e o p\u00fablico a cantar em coro na atua\u00e7\u00e3o da primeira dupla &#8211; Benjamim e Joana [&hellip;]<\/p>\n","protected":false},"author":1,"featured_media":10045,"comment_status":"open","ping_status":"closed","sticky":false,"template":"","format":"standard","meta":{"_acf_changed":false,"footnotes":""},"categories":[71],"tags":[],"class_list":{"0":"post-10043","1":"post","2":"type-post","3":"status-publish","4":"format-standard","5":"has-post-thumbnail","7":"category-outras-noticias"},"acf":[],"_links":{"self":[{"href":"https:\/\/www.entroncamentoonline.pt\/portal\/wp-json\/wp\/v2\/posts\/10043","targetHints":{"allow":["GET"]}}],"collection":[{"href":"https:\/\/www.entroncamentoonline.pt\/portal\/wp-json\/wp\/v2\/posts"}],"about":[{"href":"https:\/\/www.entroncamentoonline.pt\/portal\/wp-json\/wp\/v2\/types\/post"}],"author":[{"embeddable":true,"href":"https:\/\/www.entroncamentoonline.pt\/portal\/wp-json\/wp\/v2\/users\/1"}],"replies":[{"embeddable":true,"href":"https:\/\/www.entroncamentoonline.pt\/portal\/wp-json\/wp\/v2\/comments?post=10043"}],"version-history":[{"count":0,"href":"https:\/\/www.entroncamentoonline.pt\/portal\/wp-json\/wp\/v2\/posts\/10043\/revisions"}],"wp:featuredmedia":[{"embeddable":true,"href":"https:\/\/www.entroncamentoonline.pt\/portal\/wp-json\/wp\/v2\/media\/10045"}],"wp:attachment":[{"href":"https:\/\/www.entroncamentoonline.pt\/portal\/wp-json\/wp\/v2\/media?parent=10043"}],"wp:term":[{"taxonomy":"category","embeddable":true,"href":"https:\/\/www.entroncamentoonline.pt\/portal\/wp-json\/wp\/v2\/categories?post=10043"},{"taxonomy":"post_tag","embeddable":true,"href":"https:\/\/www.entroncamentoonline.pt\/portal\/wp-json\/wp\/v2\/tags?post=10043"}],"curies":[{"name":"wp","href":"https:\/\/api.w.org\/{rel}","templated":true}]}}