{"id":10035,"date":"2019-08-09T09:33:08","date_gmt":"2019-08-09T08:33:08","guid":{"rendered":"https:\/\/www.entroncamentoonline.pt\/portal\/?p=10035"},"modified":"2019-08-09T09:33:08","modified_gmt":"2019-08-09T08:33:08","slug":"nersant-promove-roadshow-regional-para-apresentar-projetos-com-financiamento-comunitario-para-as-empresas","status":"publish","type":"post","link":"https:\/\/www.entroncamentoonline.pt\/portal\/nersant-promove-roadshow-regional-para-apresentar-projetos-com-financiamento-comunitario-para-as-empresas\/","title":{"rendered":"NERSANT promove roadshow regional para apresentar projetos com financiamento comunit\u00e1rio para as empresas"},"content":{"rendered":"<p><span style=\"color: #666666;\">Entre os dias 22 e 28 de agosto, a NERSANT &#8211; Associa\u00e7\u00e3o Empresarial da Regi\u00e3o de Santar\u00e9m vai percorrer diversas localidades do distrito para dar a conhecer os projetos financiados dispon\u00edveis para as empresas da regi\u00e3o. H\u00e1 apoios para a internacionaliza\u00e7\u00e3o, forma\u00e7\u00e3o, qualidade, economia digital, ambiente, efici\u00eancia energ\u00e9tica e cria\u00e7\u00e3o l\u00edquida de emprego.<\/span><\/p>\n<p>No \u00e2mbito da internacionaliza\u00e7\u00e3o, a associa\u00e7\u00e3o vai dar a conhecer o seu plano de miss\u00f5es empresariais a diversos mercados, tais como Mo\u00e7ambique, Gana, Costa do Marfim, B\u00e9lgica e Brasil, bem como o NERSANT Business 2019, que se realiza entre os dias 21 e 23 de outubro.<\/p>\n<p>Nas sess\u00f5es de apresenta\u00e7\u00e3o, tamb\u00e9m os apoios para a forma\u00e7\u00e3o v\u00e3o ser divulgados, nomeadamente no \u00e2mbito da Forma\u00e7\u00e3o Modular, projeto que responde a um leque alargado de necessidades de forma\u00e7\u00e3o, possibilitando \u00e0s empresas e aos ativos da regi\u00e3o investir no seu desenvolvimento profissional e pessoal atrav\u00e9s de cursos financiados, e da Forma\u00e7\u00e3o-A\u00e7\u00e3o, onde se incluem dois projeto de forma\u00e7\u00e3o e consultoria para empres\u00e1rios, o Move PME e o Melhor Turismo 2020.<\/p>\n<p>Ser\u00e1 ainda apresentado o projeto Vales, que apoia a contrata\u00e7\u00e3o de servi\u00e7os de consultoria em \u00e1reas como a Internacionaliza\u00e7\u00e3o, a Qualidade, Economia Digital e TIC, Ambiente e Efici\u00eancia Energ\u00e9tica, sendo que neste \u00faltimo par\u00e2metro existem outras iniciativas financiadas que permitem otimizar os custos energ\u00e9ticos das empresas e organiza\u00e7\u00f5es. Por fim, ser\u00e1 dado a conhecer o SI2E+, cujas candidaturas dever\u00e3o abrir em breve, e que financia projetos de investimento empresarial que promovam o desenvolvimento local e a cria\u00e7\u00e3o l\u00edquida de emprego.<\/p>\n<p>O roadshow inicia no dia 22 de agosto, em Benavente, seguindo-se realiza\u00e7\u00e3o da sess\u00e3o de esclarecimentos no dia 26, em Torres Novas e Santar\u00e9m. No dia 27 de agosto, a NERSANT vai estar em Our\u00e9m e Rio Maior, e no dia 28, em Abrantes. Todas as sess\u00f5es se realizam \u00e0 mesma hora, pelas 14h30.<\/p>\n<p>Neste momento, \u00e9 j\u00e1 poss\u00edvel a inscri\u00e7\u00e3o em qualquer das sess\u00f5es de esclarecimento. As mesmas s\u00e3o gratuitas e devem realizar-se na \u00e1rea de agenda do portal da associa\u00e7\u00e3o empresarial, em <a href=\"http:\/\/www.nersant.pt\">www.nersant.pt<\/a>. Para mais informa\u00e7\u00f5es, deve ser contactado o Departamento de Associativismo, Marketing e Eventos da NERSANT, atrav\u00e9s dos contactos <a href=\"mailto:dame@nersant.pt\">dame@nersant.pt<\/a> ou 249\u00a0839\u00a0500.<\/p>\n<div class=\"fb-background-color\">\n\t\t\t  <div \n\t\t\t  \tclass = \"fb-comments\" \n\t\t\t  \tdata-href = \"https:\/\/www.entroncamentoonline.pt\/portal\/nersant-promove-roadshow-regional-para-apresentar-projetos-com-financiamento-comunitario-para-as-empresas\/\"\n\t\t\t  \tdata-numposts = \"10\"\n\t\t\t  \tdata-lazy = \"true\"\n\t\t\t\tdata-colorscheme = \"light\"\n\t\t\t\tdata-order-by = \"social\"\n\t\t\t\tdata-mobile=true>\n\t\t\t  <\/div><\/div>\n\t\t  <style>\n\t\t    .fb-background-color {\n\t\t\t\tbackground:  !important;\n\t\t\t}\n\t\t\t.fb_iframe_widget_fluid_desktop iframe {\n\t\t\t    width: 100% !important;\n\t\t\t}\n\t\t  <\/style>\n\t\t  ","protected":false},"excerpt":{"rendered":"<p>Entre os dias 22 e 28 de agosto, a NERSANT &#8211; Associa\u00e7\u00e3o Empresarial da Regi\u00e3o de Santar\u00e9m vai percorrer diversas localidades do distrito para dar a conhecer os projetos financiados dispon\u00edveis para as empresas da regi\u00e3o. H\u00e1 apoios para a internacionaliza\u00e7\u00e3o, forma\u00e7\u00e3o, qualidade, economia digital, ambiente, efici\u00eancia energ\u00e9tica e cria\u00e7\u00e3o l\u00edquida de emprego. No \u00e2mbito [&hellip;]<\/p>\n","protected":false},"author":1,"featured_media":0,"comment_status":"open","ping_status":"closed","sticky":false,"template":"","format":"standard","meta":{"_acf_changed":false,"footnotes":""},"categories":[51],"tags":[],"class_list":{"0":"post-10035","1":"post","2":"type-post","3":"status-publish","4":"format-standard","6":"category-breves"},"acf":[],"_links":{"self":[{"href":"https:\/\/www.entroncamentoonline.pt\/portal\/wp-json\/wp\/v2\/posts\/10035","targetHints":{"allow":["GET"]}}],"collection":[{"href":"https:\/\/www.entroncamentoonline.pt\/portal\/wp-json\/wp\/v2\/posts"}],"about":[{"href":"https:\/\/www.entroncamentoonline.pt\/portal\/wp-json\/wp\/v2\/types\/post"}],"author":[{"embeddable":true,"href":"https:\/\/www.entroncamentoonline.pt\/portal\/wp-json\/wp\/v2\/users\/1"}],"replies":[{"embeddable":true,"href":"https:\/\/www.entroncamentoonline.pt\/portal\/wp-json\/wp\/v2\/comments?post=10035"}],"version-history":[{"count":0,"href":"https:\/\/www.entroncamentoonline.pt\/portal\/wp-json\/wp\/v2\/posts\/10035\/revisions"}],"wp:attachment":[{"href":"https:\/\/www.entroncamentoonline.pt\/portal\/wp-json\/wp\/v2\/media?parent=10035"}],"wp:term":[{"taxonomy":"category","embeddable":true,"href":"https:\/\/www.entroncamentoonline.pt\/portal\/wp-json\/wp\/v2\/categories?post=10035"},{"taxonomy":"post_tag","embeddable":true,"href":"https:\/\/www.entroncamentoonline.pt\/portal\/wp-json\/wp\/v2\/tags?post=10035"}],"curies":[{"name":"wp","href":"https:\/\/api.w.org\/{rel}","templated":true}]}}